{"id":622,"date":"2014-05-04T15:30:56","date_gmt":"2014-05-04T13:30:56","guid":{"rendered":"http:\/\/www.blogyssee.de\/?p=622"},"modified":"2014-05-05T14:52:46","modified_gmt":"2014-05-05T12:52:46","slug":"werkschau-die-heimkehr-odysseus-raecht-sich-an-den-freiern","status":"publish","type":"post","link":"http:\/\/www.blogyssee.de\/?p=622","title":{"rendered":"Werkschau &#8222;Die Heimkehr&#8220; (Odysseus r\u00e4cht sich an den Freiern)"},"content":{"rendered":"<p><img loading=\"lazy\" class=\"alignnone wp-image-630 size-pic-icon\" src=\"http:\/\/www.blogyssee.de\/wp-content\/uploads\/2014\/05\/IMG_0633-90x67.jpg\" alt=\"IMG_0633\" width=\"100\" height=\"97\" \/><img loading=\"lazy\" class=\"alignnone size-pic-icon wp-image-625\" src=\"http:\/\/www.blogyssee.de\/wp-content\/uploads\/2014\/05\/IMG_0634-90x67.jpg\" alt=\"IMG_0634\" width=\"100\" height=\"97\" \/><img loading=\"lazy\" class=\"alignnone size-pic-icon wp-image-626\" src=\"http:\/\/www.blogyssee.de\/wp-content\/uploads\/2014\/05\/IMG_0635-90x67.jpg\" alt=\"IMG_0635\" width=\"100\" height=\"97\" \/>\u00a0 <img loading=\"lazy\" class=\"alignnone size-pic-icon wp-image-627\" src=\"http:\/\/www.blogyssee.de\/wp-content\/uploads\/2014\/05\/IMG_0636-90x67.jpg\" alt=\"IMG_0636\" width=\"100\" height=\"97\" \/> <img loading=\"lazy\" class=\"alignnone wp-image-629 size-pic-icon\" src=\"http:\/\/www.blogyssee.de\/wp-content\/uploads\/2014\/05\/IMG_0638-90x67.jpg\" alt=\"IMG_0638\" width=\"100\" height=\"97\" \/> Odysseus kehrt nach 20 Jahren Kampf und Irrfahrt heim und richtet ein Blutbad an: Er t\u00f6tet alle Freier seiner Frau auf brutalste Weise. Ist er ein traumatisierter Amokl\u00e4ufer? Oder ein Kriegsheld? Kann es in einem Krieg \u00fcberhaupt Helden geben?<br \/>\nJugendliche aus Hamburg und Jugendliche, die aus dem Krisengebiet Afghanistan fliehen mussten, widmen sich diesen Fragen und setzen sich anhand Homers Motiven mit dem Thema Krieg, Flucht und Heimkehr auseinander. Ein interkulturelles Theaterprojekt, das autobiographische Texte der Jugendlichen und Homers Texte verkn\u00fcpft.<\/p>\n<p><a href=\"http:\/\/www.blogyssee.de\/wp-content\/uploads\/2014\/05\/DSC_0095-1.jpeg\" rel=\"lightbox-0\"><img loading=\"lazy\" class=\"alignnone size-full wp-image-682\" src=\"http:\/\/www.blogyssee.de\/wp-content\/uploads\/2014\/05\/DSC_0095-1.jpeg\" alt=\"DSC_0095-1\" width=\"100\" height=\"97\" \/><\/a> <a href=\"http:\/\/www.blogyssee.de\/wp-content\/uploads\/2014\/05\/DSC_0088-1.jpeg\" rel=\"lightbox-1\"><img loading=\"lazy\" class=\"alignnone size-full wp-image-681\" src=\"http:\/\/www.blogyssee.de\/wp-content\/uploads\/2014\/05\/DSC_0088-1.jpeg\" alt=\"DSC_0088-1\" width=\"100\" height=\"97\" \/><\/a> <a href=\"http:\/\/www.blogyssee.de\/wp-content\/uploads\/2014\/05\/DSC_0080-1.jpeg\" rel=\"lightbox-2\"><img loading=\"lazy\" class=\"alignnone size-full wp-image-680\" src=\"http:\/\/www.blogyssee.de\/wp-content\/uploads\/2014\/05\/DSC_0080-1.jpeg\" alt=\"DSC_0080-1\" width=\"100\" height=\"97\" \/><\/a> <a href=\"http:\/\/www.blogyssee.de\/wp-content\/uploads\/2014\/05\/DSC_0060-1.jpeg\" rel=\"lightbox-3\"><img loading=\"lazy\" class=\"alignnone size-full wp-image-678\" src=\"http:\/\/www.blogyssee.de\/wp-content\/uploads\/2014\/05\/DSC_0060-1.jpeg\" alt=\"DSC_0060-1\" width=\"100\" height=\"97\" \/><\/a> <img loading=\"lazy\" class=\"alignnone size-pic-icon wp-image-677\" src=\"http:\/\/www.blogyssee.de\/wp-content\/uploads\/2014\/05\/DSC_0120-90x59.jpeg\" alt=\"DSC_0120\" width=\"100\" height=\"97\" \/> Mit: Leonie Landa, Linda Verweyen, Anne-Marie Azong, Caroline Milecki, Oktavian Tomczyk, Lea L\u00fchrig, Jonis Ismail, Ella Mainholz, Jamshid Shabazi, Ali Karemi, Elham Soltani, Sakhi Habibi, Ehsaan Sultani, Meisam Amini, Fawad Faizi und Nasrad Salimi.<br \/>\nText und Regie: Andrea Keller, Christina Heitfeld, Projektleitung: Silke Busse, Theaterschule Zeppelin e.V. in Kooperation mit dem ABC Bildungs- und Tagungszentrum e.V. und dem Jahrmarkttheater in Bostelwiebek. Im Rahmen des Programms \u00bbtanz + theater machen stark\u00ab des Bundesverbandes Freier Theater. Gef\u00f6rdert vom Bundesministerium f\u00fcr Bildung und Forschung.<\/p>\n<p>Samstag, 10.5.2014, 19:30 Uhr<br \/>\nFreitag, 16.05.2014, 19:30 Uhr<br \/>\nSonntag 18.05.2014, 19:30 Uhr<br \/>\nDonnerstag 22.05.2014, 10 Uhr<\/p>\n<p>Anmeldung unter: Tel. 040 422 3062, email: reservierung@theaterzeppelin.de<\/p>\n","protected":false},"excerpt":{"rendered":"<p>\u00a0 Odysseus kehrt nach 20 Jahren Kampf und Irrfahrt heim und richtet ein Blutbad an: Er t\u00f6tet alle Freier seiner Frau auf brutalste Weise. Ist er ein traumatisierter Amokl\u00e4ufer? Oder ein Kriegsheld? Kann es in einem Krieg \u00fcberhaupt Helden geben? Jugendliche aus Hamburg und Jugendliche, die aus dem Krisengebiet Afghanistan &hellip; <span class=\"continue-reading\"><a href=\"http:\/\/www.blogyssee.de\/?p=622\">Weiter lesen <span class=\"meta-nav\">&rarr;<\/span><\/a><\/span><\/p>\n","protected":false},"author":3,"featured_media":629,"comment_status":"open","ping_status":"open","sticky":false,"template":"","format":"standard","meta":[],"categories":[1],"tags":[],"_links":{"self":[{"href":"http:\/\/www.blogyssee.de\/index.php?rest_route=\/wp\/v2\/posts\/622"}],"collection":[{"href":"http:\/\/www.blogyssee.de\/index.php?rest_route=\/wp\/v2\/posts"}],"about":[{"href":"http:\/\/www.blogyssee.de\/index.php?rest_route=\/wp\/v2\/types\/post"}],"author":[{"embeddable":true,"href":"http:\/\/www.blogyssee.de\/index.php?rest_route=\/wp\/v2\/users\/3"}],"replies":[{"embeddable":true,"href":"http:\/\/www.blogyssee.de\/index.php?rest_route=%2Fwp%2Fv2%2Fcomments&post=622"}],"version-history":[{"count":36,"href":"http:\/\/www.blogyssee.de\/index.php?rest_route=\/wp\/v2\/posts\/622\/revisions"}],"predecessor-version":[{"id":691,"href":"http:\/\/www.blogyssee.de\/index.php?rest_route=\/wp\/v2\/posts\/622\/revisions\/691"}],"wp:featuredmedia":[{"embeddable":true,"href":"http:\/\/www.blogyssee.de\/index.php?rest_route=\/wp\/v2\/media\/629"}],"wp:attachment":[{"href":"http:\/\/www.blogyssee.de\/index.php?rest_route=%2Fwp%2Fv2%2Fmedia&parent=622"}],"wp:term":[{"taxonomy":"category","embeddable":true,"href":"http:\/\/www.blogyssee.de\/index.php?rest_route=%2Fwp%2Fv2%2Fcategories&post=622"},{"taxonomy":"post_tag","embeddable":true,"href":"http:\/\/www.blogyssee.de\/index.php?rest_route=%2Fwp%2Fv2%2Ftags&post=622"}],"curies":[{"name":"wp","href":"https:\/\/api.w.org\/{rel}","templated":true}]}}